{"id":624,"date":"2014-08-22T15:22:44","date_gmt":"2014-08-22T15:22:44","guid":{"rendered":"http:\/\/www.pontecultura.de\/home\/?p=624"},"modified":"2014-08-22T15:25:38","modified_gmt":"2014-08-22T15:25:38","slug":"workshop-provencelanguedoc-2014","status":"publish","type":"post","link":"http:\/\/www.pontecultura.de\/home\/workshop-provencelanguedoc-2014\/","title":{"rendered":"Workshop Provence\/Languedoc 2014"},"content":{"rendered":"<p><span style=\"color: #000080;\"><strong>20 K\u00fcnstler<\/strong><\/span> &#8211;<strong><span style=\"color: #000080;\"> aus Brasilien , Canada, Deutschland, Frankreich \u00a0 \u00a0 \u00a0 \u00a0 \u00a0 \u00a0 \u00a0 \u00a0 \u00a0 \u00a0 \u00a0 \u00a0 \u00a0 \u00a0 \u00a0 \u00a0 \u00a0 \u00a0 \u00a0 \u00a0 \u00a0 \u00a0 \u00a0 \u00a0 \u00a0 \u00a0 \u00a0 \u00a0 \u00a0 \u00a0 \u00a0 \u00a0 \u00a0 \u00a0 \u00a0 \u00a0 \u00a0 \u00a0 \u00a0 \u00a0 \u00a0 \u00a0 \u00a0\u00a0 in St. D\u00e9z\u00e9ry, Collorgues, Uz\u00e8s\u00a0 (Gard) France vom 14 &#8211; 28 Sept. 2014<\/span><\/strong><\/p>\n<p><strong><span style=\"color: #000080;\">Im Focus stehen diesmal nicht nur die Br\u00fccken \/ Pontes, die uns zusammenf\u00fchren, sondern auch die passion\/paixao\/Leidenschaft &#8211; in Vergangenheit und Gegenwart.<br \/>\n<\/span><\/strong><\/p>\n<p><strong><span style=\"color: #000080;\"><a href=\"http:\/\/www.pontecultura.de\/home\/wp-content\/uploads\/2014\/08\/immer-wieder-sch\u00f6n-der-Pont-du-Gard.jpg\" rel=\"shadowbox[sbpost-624];player=img;\" title=\"immer wieder sch\u00f6n der Pont du Gard\"><img loading=\"lazy\" decoding=\"async\" class=\"alignleft size-medium wp-image-629\" title=\"immer wieder sch\u00f6n der Pont du Gard\" src=\"http:\/\/www.pontecultura.de\/home\/wp-content\/uploads\/2014\/08\/immer-wieder-sch\u00f6n-der-Pont-du-Gard-300x225.jpg\" alt=\"\" width=\"267\" height=\"200\" srcset=\"http:\/\/www.pontecultura.de\/home\/wp-content\/uploads\/2014\/08\/immer-wieder-sch\u00f6n-der-Pont-du-Gard-300x225.jpg 300w, http:\/\/www.pontecultura.de\/home\/wp-content\/uploads\/2014\/08\/immer-wieder-sch\u00f6n-der-Pont-du-Gard.jpg 1024w\" sizes=\"auto, (max-width: 267px) 100vw, 267px\" \/><\/a> <a href=\"http:\/\/www.pontecultura.de\/home\/wp-content\/uploads\/2014\/08\/001-13.jpg\" rel=\"shadowbox[sbpost-624];player=img;\" title=\"001 1\"><img loading=\"lazy\" decoding=\"async\" class=\"alignright size-medium wp-image-631\" title=\"001 1\" src=\"http:\/\/www.pontecultura.de\/home\/wp-content\/uploads\/2014\/08\/001-13-300x225.jpg\" alt=\"\" width=\"268\" height=\"201\" srcset=\"http:\/\/www.pontecultura.de\/home\/wp-content\/uploads\/2014\/08\/001-13-300x225.jpg 300w, http:\/\/www.pontecultura.de\/home\/wp-content\/uploads\/2014\/08\/001-13-1024x768.jpg 1024w, http:\/\/www.pontecultura.de\/home\/wp-content\/uploads\/2014\/08\/001-13.jpg 1280w\" sizes=\"auto, (max-width: 268px) 100vw, 268px\" \/><\/a><br \/>\n<\/span><\/strong><\/p>\n<p>&nbsp;<\/p>\n<p>&nbsp;<\/p>\n<p>&nbsp;<\/p>\n<p>&nbsp;<\/p>\n<p>&nbsp;<\/p>\n<p>&nbsp;<\/p>\n<p>&nbsp;<\/p>\n<p>&nbsp;<\/p>\n<p>&nbsp;<\/p>\n<p><strong>&#8222;tout autour de la passion&#8220;\u00a0\u00a0\u00a0 Art Show in Galerie <em>La Verri\u00e8re, rue Dr. Blanchard Uz\u00e8s <\/em><\/strong><\/p>\n<p><strong><em><a href=\"http:\/\/www.pontecultura.de\/home\/wp-content\/uploads\/2014\/08\/La-Verriere-Affiche.jpg\" rel=\"shadowbox[sbpost-624];player=img;\" title=\"La Verriere Affiche\"><img loading=\"lazy\" decoding=\"async\" class=\"aligncenter size-medium wp-image-625\" title=\"La Verriere Affiche\" src=\"http:\/\/www.pontecultura.de\/home\/wp-content\/uploads\/2014\/08\/La-Verriere-Affiche-213x300.jpg\" alt=\"\" width=\"213\" height=\"300\" srcset=\"http:\/\/www.pontecultura.de\/home\/wp-content\/uploads\/2014\/08\/La-Verriere-Affiche-213x300.jpg 213w, http:\/\/www.pontecultura.de\/home\/wp-content\/uploads\/2014\/08\/La-Verriere-Affiche.jpg 684w\" sizes=\"auto, (max-width: 213px) 100vw, 213px\" \/><\/a><\/em><\/strong><\/p>\n<p>&nbsp;<\/p>\n<p><strong><em>Theater im Temple de Collorgues &#8211;\u00a0 eine Inspiration zum Thema &#8222;passion&#8220; von und mit Genevi\u00e8ve L\u00e9zy,\u00a0 unter Regie von Patrick Chiazzotto und musikalischer Begleitung von Joel Drouin<\/em><\/strong><br \/>\n<a href=\"http:\/\/www.pontecultura.de\/home\/wp-content\/uploads\/2014\/08\/Affiche-Theatre-11.jpg\" rel=\"shadowbox[sbpost-624];player=img;\" title=\"Affiche Theatre  \"><img loading=\"lazy\" decoding=\"async\" class=\"aligncenter size-medium wp-image-632\" title=\"Affiche Theatre  \" src=\"http:\/\/www.pontecultura.de\/home\/wp-content\/uploads\/2014\/08\/Affiche-Theatre-11-216x300.jpg\" alt=\"\" width=\"216\" height=\"300\" srcset=\"http:\/\/www.pontecultura.de\/home\/wp-content\/uploads\/2014\/08\/Affiche-Theatre-11-216x300.jpg 216w, http:\/\/www.pontecultura.de\/home\/wp-content\/uploads\/2014\/08\/Affiche-Theatre-11.jpg 693w\" sizes=\"auto, (max-width: 216px) 100vw, 216px\" \/><\/a><\/p>\n<p><strong>am Sonntag, den 22.09. \u00f6ffnet die kleine mittelalterliche Kirche in St. D\u00e9z\u00e9ry ihre Pforten und wir h\u00f6ren ein Konzert mit mittelalterlicher Musik von dem Vokal Ensemble Carmine<\/strong><\/p>\n<p><a href=\"http:\/\/www.pontecultura.de\/home\/wp-content\/uploads\/2014\/08\/Chant-Medieval-11.jpg\" rel=\"shadowbox[sbpost-624];player=img;\" title=\"Chant Medieval \"><img loading=\"lazy\" decoding=\"async\" class=\"aligncenter size-medium wp-image-633\" title=\"Chant Medieval \" src=\"http:\/\/www.pontecultura.de\/home\/wp-content\/uploads\/2014\/08\/Chant-Medieval-11-220x300.jpg\" alt=\"\" width=\"220\" height=\"300\" srcset=\"http:\/\/www.pontecultura.de\/home\/wp-content\/uploads\/2014\/08\/Chant-Medieval-11-220x300.jpg 220w, http:\/\/www.pontecultura.de\/home\/wp-content\/uploads\/2014\/08\/Chant-Medieval-11.jpg 705w\" sizes=\"auto, (max-width: 220px) 100vw, 220px\" \/><\/a><\/p>\n<p>&nbsp;<\/p>\n<p><strong>eine spannende Herausforderung f\u00fcr die bildenden K\u00fcnstler wird die\u00a0 Oficine d&#8217;Art sein, die in der k\u00fcrzlich renovierten, mittelalterlichen Kirche von Collorgues stattfindet.\u00a0 3 Tage lang &#8211; vom 23.-25.09.\u00a0 gestalten die K\u00fcnstler-Innen ihre Werke und dem interessierten Publikum wird t\u00e4glich Gelegenheit gegeben, von 16 &#8211; 19 h ihnen dabei zuzuschauen.<\/strong><\/p>\n<p><strong>Vernissage am 25.09., um 19 h<\/strong><\/p>\n<p><a href=\"http:\/\/www.pontecultura.de\/home\/wp-content\/uploads\/2014\/08\/Art-au-Temple-jpg.jpg\" rel=\"shadowbox[sbpost-624];player=img;\" title=\"Art au Temple \"><img loading=\"lazy\" decoding=\"async\" class=\"aligncenter size-medium wp-image-634\" title=\"Art au Temple \" src=\"http:\/\/www.pontecultura.de\/home\/wp-content\/uploads\/2014\/08\/Art-au-Temple-jpg-213x300.jpg\" alt=\"\" width=\"213\" height=\"300\" srcset=\"http:\/\/www.pontecultura.de\/home\/wp-content\/uploads\/2014\/08\/Art-au-Temple-jpg-213x300.jpg 213w, http:\/\/www.pontecultura.de\/home\/wp-content\/uploads\/2014\/08\/Art-au-Temple-jpg.jpg 682w\" sizes=\"auto, (max-width: 213px) 100vw, 213px\" \/><\/a><\/p>\n<p>Nathalie Fari Berlin\/Sao Paulo, Performance-K\u00fcnstlerin, bietet einen 3t\u00e4gigen Workshop unter dem Titel &#8222;Body Mapping&#8220; f\u00fcr bewegungs- und tanzinteressierte Menschen an, die gleichzeitig mit den Kunstarbeiten im Tempel stattfindet.\u00a0\u00a0 Kursinfos unter info@atelierobraviva.org.\u00a0 www.nathaliefari.com<\/p>\n<p><a href=\"http:\/\/www.pontecultura.de\/home\/wp-content\/uploads\/2014\/08\/Affiche-Body-Mapping.jpg\" rel=\"shadowbox[sbpost-624];player=img;\" title=\"Affiche Body Mapping\"><img loading=\"lazy\" decoding=\"async\" class=\"aligncenter size-medium wp-image-635\" title=\"Affiche Body Mapping\" src=\"http:\/\/www.pontecultura.de\/home\/wp-content\/uploads\/2014\/08\/Affiche-Body-Mapping-223x300.jpg\" alt=\"\" width=\"223\" height=\"300\" srcset=\"http:\/\/www.pontecultura.de\/home\/wp-content\/uploads\/2014\/08\/Affiche-Body-Mapping-223x300.jpg 223w, http:\/\/www.pontecultura.de\/home\/wp-content\/uploads\/2014\/08\/Affiche-Body-Mapping.jpg 714w\" sizes=\"auto, (max-width: 223px) 100vw, 223px\" \/><\/a><\/p>\n","protected":false},"excerpt":{"rendered":"<p>20 K\u00fcnstler &#8211; aus Brasilien , Canada, Deutschland, Frankreich \u00a0 \u00a0 \u00a0 \u00a0 \u00a0 \u00a0 \u00a0 \u00a0 \u00a0 \u00a0 \u00a0 \u00a0 \u00a0 \u00a0 \u00a0 \u00a0 \u00a0 \u00a0 \u00a0 \u00a0 \u00a0 \u00a0 \u00a0 \u00a0 \u00a0 \u00a0 \u00a0 \u00a0 \u00a0 \u00a0 \u00a0 &hellip; <a href=\"http:\/\/www.pontecultura.de\/home\/workshop-provencelanguedoc-2014\/\">Weiterlesen <span class=\"meta-nav\">&rarr;<\/span><\/a><\/p>\n","protected":false},"author":2,"featured_media":635,"comment_status":"open","ping_status":"open","sticky":false,"template":"","format":"standard","meta":{"footnotes":""},"categories":[1],"tags":[],"class_list":["post-624","post","type-post","status-publish","format-standard","has-post-thumbnail","hentry","category-allgemein"],"_links":{"self":[{"href":"http:\/\/www.pontecultura.de\/home\/wp-json\/wp\/v2\/posts\/624","targetHints":{"allow":["GET"]}}],"collection":[{"href":"http:\/\/www.pontecultura.de\/home\/wp-json\/wp\/v2\/posts"}],"about":[{"href":"http:\/\/www.pontecultura.de\/home\/wp-json\/wp\/v2\/types\/post"}],"author":[{"embeddable":true,"href":"http:\/\/www.pontecultura.de\/home\/wp-json\/wp\/v2\/users\/2"}],"replies":[{"embeddable":true,"href":"http:\/\/www.pontecultura.de\/home\/wp-json\/wp\/v2\/comments?post=624"}],"version-history":[{"count":10,"href":"http:\/\/www.pontecultura.de\/home\/wp-json\/wp\/v2\/posts\/624\/revisions"}],"predecessor-version":[{"id":644,"href":"http:\/\/www.pontecultura.de\/home\/wp-json\/wp\/v2\/posts\/624\/revisions\/644"}],"wp:featuredmedia":[{"embeddable":true,"href":"http:\/\/www.pontecultura.de\/home\/wp-json\/wp\/v2\/media\/635"}],"wp:attachment":[{"href":"http:\/\/www.pontecultura.de\/home\/wp-json\/wp\/v2\/media?parent=624"}],"wp:term":[{"taxonomy":"category","embeddable":true,"href":"http:\/\/www.pontecultura.de\/home\/wp-json\/wp\/v2\/categories?post=624"},{"taxonomy":"post_tag","embeddable":true,"href":"http:\/\/www.pontecultura.de\/home\/wp-json\/wp\/v2\/tags?post=624"}],"curies":[{"name":"wp","href":"https:\/\/api.w.org\/{rel}","templated":true}]}}