{"id":407,"date":"2013-05-02T21:57:12","date_gmt":"2013-05-02T21:57:12","guid":{"rendered":"http:\/\/www.pontecultura.de\/home\/?p=407"},"modified":"2013-05-03T14:22:15","modified_gmt":"2013-05-03T14:22:15","slug":"exposicao-ausstellung-amor-paixao-liebe-leidenschaft-sao-bernardo-do-campo-sp","status":"publish","type":"post","link":"http:\/\/www.pontecultura.de\/home\/exposicao-ausstellung-amor-paixao-liebe-leidenschaft-sao-bernardo-do-campo-sp\/","title":{"rendered":"Exposi\u00e7\u00e3o \/ Ausstellung: Amor Paix\u00e3o &#8211; Liebe Leidenschaft, S\u00e3o Bernardo do Campo, SP"},"content":{"rendered":"<p><a href=\"http:\/\/www.pontecultura.de\/home\/wp-content\/uploads\/2013\/05\/Au\u00dfenansicht-Pinacoteca.jpg\" rel=\"shadowbox[sbpost-407];player=img;\" title=\"Au\u00dfenansicht Pinacoteca\"><img loading=\"lazy\" decoding=\"async\" class=\"alignleft\" title=\"Au\u00dfenansicht Pinacoteca\" src=\"http:\/\/www.pontecultura.de\/home\/wp-content\/uploads\/2013\/05\/Au\u00dfenansicht-Pinacoteca-150x150.jpg\" alt=\"\" width=\"150\" height=\"150\" \/><\/a>A Secretaria Municipal de S\u00e3o Bernardo do Campo, S\u00e3o Paulo Brasil,atraves os organizadores Jo\u00e3o Delijaicov e Julio Mendon\u00e7a convidam os artistas da associa\u00e7\u00e3o para o interc\u00e2mbio cultural, Ponte Cultura, N\u00fcrnberg, para expor na Pinacoteca de S\u00e3o Bernardo do Campo, SP, entre o 14 de Setembro e 30 de Outubro 2013.<!--more--><\/p>\n<p><strong>Vernissagem no 14 de Setembro 2013<\/strong><\/p>\n<p>&nbsp;<\/p>\n<p><a href=\"http:\/\/www.pontecultura.de\/home\/wp-content\/uploads\/2013\/05\/Innenansicht-2.jpg\" rel=\"shadowbox[sbpost-407];player=img;\" title=\"Innenansicht 2\"><img loading=\"lazy\" decoding=\"async\" class=\"alignleft size-thumbnail wp-image-412\" title=\"Innenansicht 2\" src=\"http:\/\/www.pontecultura.de\/home\/wp-content\/uploads\/2013\/05\/Innenansicht-2-150x150.jpg\" alt=\"\" width=\"150\" height=\"150\" \/><\/a>Das Rathaus von S\u00e3o Bernardo do Campo und der Direktor der Pinacoteca Julio Mendon\u00e7a laden die K\u00fcnstler von Ponte Cultura, Verein zur F\u00f6rderung deutsch-brasilianischer Kultur mit Sitz in N\u00fcrnberg, zu einer Ausstellung in der Pinacoteca de S\u00e3o Bernardo do Campo, SP, vom 14.September bis 30. Oktober 2013 ein.<\/p>\n<p><strong>Vernissage am 14. September 2013<\/strong><\/p>\n<p>&nbsp;<\/p>\n<p><strong>Marianne St\u00fcve<\/strong><\/p>\n<p>Curadora\/coordenadora p\/ PONTE CULTURA N\u00fcrnberg<\/p>\n<p><a href=\"mailto:mstuevenbg@aol.com\">Mstuevenbg@aol.com<\/a><\/p>\n<p>&nbsp;<\/p>\n<p><strong>Damara Bianconi<\/strong><\/p>\n<p>Curadora Brasil \/ Coordenadora p\/PONTE CULTURA Sao Paulo<\/p>\n<p><a href=\"mailto:damara@dilascio.com.br\">damara@dilascio.com.br<\/a><\/p>\n<p><a href=\"www.pontecultura.de\">www.pontecultura.de<\/a><\/p>\n<p>&nbsp;<\/p>\n<p><strong>G\u00fcnter Braunsberg<\/strong><\/p>\n<p>Curador geral Alemanha\/Brasil<\/p>\n<p>Palestrante \/ Vortragender<\/p>\n<p><a href=\"mailto:guenter@braunsberg.info\">guenter@braunsberg.info<\/a><\/p>\n<p>e-book <a href=\"http:\/\/braunsberg.info\/tudoflui\">cat\u00e1logo &#8222;tudo flui&#8220;<\/a><\/p>\n<p>&nbsp;<\/p>\n<p><a href=\"http:\/\/www.saobernardo.sp.gov.br\/comuns\/pqt_container_r01.asp?srcpg=cultura_pinacoteca\"> <strong>Pinacoteca Sao Bernardo do Campo<\/strong><\/a><\/p>\n<p>Rua Kara, 105 &#8211; Jardim do Mar<\/p>\n<p>Telefone: 4125-2466 \/ 4125-4056<\/p>\n<p>Hor\u00e1rio de funcionamento: ter\u00e7a a s\u00e1bado, das 9h \u00e0s 17h<\/p>\n<p>(quintas at\u00e9 20h30). Entrada franca<\/p>\n<p><a href=\"http:\/\/www.pontecultura.de\/home\/wp-content\/uploads\/2013\/05\/Innenansicht-Pinacoteca-1.jpg\" rel=\"shadowbox[sbpost-407];player=img;\" title=\"Innenansicht Pinacoteca 1\"><img loading=\"lazy\" decoding=\"async\" class=\"alignleft size-thumbnail wp-image-413\" title=\"Innenansicht Pinacoteca 1\" src=\"http:\/\/www.pontecultura.de\/home\/wp-content\/uploads\/2013\/05\/Innenansicht-Pinacoteca-1-150x150.jpg\" alt=\"\" width=\"150\" height=\"150\" \/><\/a>Mit einem Kunstarchiv, das seit den 1960er Jahren aufgebaut wurde, ist die Pinacoteca de Sao \t\tBernardo do Campo die gr\u00f6\u00dfte Sammlung von moderner und zeitgen\u00f6ssischer Kunst in der Region \t\tdes ABC. Es bestehen 4 Ausstellungss\u00e4le, Auditorium, Kunstbibliothek und Skulpturengarten. Zur \t\tZeit befinden sich 1.125 Arbeiten von renommierten brasilianischen K\u00fcnstlern der Gegenwart in \t\tihrem Besitz. Darunter Gravuren, Collagen und Skulpturen.<\/p>\n<p>Der Raum wurde vor 29 Jahren er\u00f6ffnet und hat sich zum Ziel gesetzt, die Tendenzen der zeitgen\u00f6ssischen Kunst zu pr\u00e4sentieren und gleichzeitig ein Archiv aufzubauen, sowie zeitlich begrenzte Gegenwartskunst-Ausstellungen zu organisieren. Au\u00dferdem werden zahlreiche erzieherische Veranstaltungen f\u00fcr das Publikum der ABC Region angeboten, um den Blick zu sch\u00e4rfen in dieser von bunten Bildern so \u00fcberf\u00fcllten Zeit.<\/p>\n","protected":false},"excerpt":{"rendered":"<p>A Secretaria Municipal de S\u00e3o Bernardo do Campo, S\u00e3o Paulo Brasil,atraves os organizadores Jo\u00e3o Delijaicov e Julio Mendon\u00e7a convidam os artistas da associa\u00e7\u00e3o para o interc\u00e2mbio cultural, Ponte Cultura, N\u00fcrnberg, para expor na Pinacoteca de S\u00e3o Bernardo do Campo, SP, &hellip; <a href=\"http:\/\/www.pontecultura.de\/home\/exposicao-ausstellung-amor-paixao-liebe-leidenschaft-sao-bernardo-do-campo-sp\/\">Weiterlesen <span class=\"meta-nav\">&rarr;<\/span><\/a><\/p>\n","protected":false},"author":2,"featured_media":0,"comment_status":"open","ping_status":"open","sticky":false,"template":"","format":"standard","meta":{"footnotes":""},"categories":[1],"tags":[],"class_list":["post-407","post","type-post","status-publish","format-standard","hentry","category-allgemein"],"_links":{"self":[{"href":"http:\/\/www.pontecultura.de\/home\/wp-json\/wp\/v2\/posts\/407","targetHints":{"allow":["GET"]}}],"collection":[{"href":"http:\/\/www.pontecultura.de\/home\/wp-json\/wp\/v2\/posts"}],"about":[{"href":"http:\/\/www.pontecultura.de\/home\/wp-json\/wp\/v2\/types\/post"}],"author":[{"embeddable":true,"href":"http:\/\/www.pontecultura.de\/home\/wp-json\/wp\/v2\/users\/2"}],"replies":[{"embeddable":true,"href":"http:\/\/www.pontecultura.de\/home\/wp-json\/wp\/v2\/comments?post=407"}],"version-history":[{"count":7,"href":"http:\/\/www.pontecultura.de\/home\/wp-json\/wp\/v2\/posts\/407\/revisions"}],"predecessor-version":[{"id":416,"href":"http:\/\/www.pontecultura.de\/home\/wp-json\/wp\/v2\/posts\/407\/revisions\/416"}],"wp:attachment":[{"href":"http:\/\/www.pontecultura.de\/home\/wp-json\/wp\/v2\/media?parent=407"}],"wp:term":[{"taxonomy":"category","embeddable":true,"href":"http:\/\/www.pontecultura.de\/home\/wp-json\/wp\/v2\/categories?post=407"},{"taxonomy":"post_tag","embeddable":true,"href":"http:\/\/www.pontecultura.de\/home\/wp-json\/wp\/v2\/tags?post=407"}],"curies":[{"name":"wp","href":"https:\/\/api.w.org\/{rel}","templated":true}]}}