{"id":1339,"date":"2023-10-25T09:55:37","date_gmt":"2023-10-25T09:55:37","guid":{"rendered":"http:\/\/www.pontecultura.de\/home\/?p=1339"},"modified":"2023-10-25T09:55:39","modified_gmt":"2023-10-25T09:55:39","slug":"ponte-cultura-street-art-in-langwasser-somos-um","status":"publish","type":"post","link":"http:\/\/www.pontecultura.de\/home\/ponte-cultura-street-art-in-langwasser-somos-um\/","title":{"rendered":"Ponte Cultura &#8211; Street Art in Langwasser &#8211;                                Somos um"},"content":{"rendered":"\n<p> <\/p>\n\n\n\n<p><strong>Die Aussage &#8222;Wir sind eins\u2026und alle zugleich\u201c,&nbsp; die dem Austausch von Ponte Cultura 2023 den (vorl\u00e4ufigen) Titel gibt, erweitert die Erfahrungen des Themas &#8222;Gastfreundschaft&#8220;, das beim letzten Austausch, der vom 11. bis 27. November 2022 in Brasilien im Bundesstaat Cear\u00e1 stattfand und mit der Ausstellung &#8222;Kollektiver K\u00f6rper, geteilte Subjektivit\u00e4ten&#8220; endete, erforscht wurde und ein Feld f\u00fcr reflexive und poetische Entfaltungen, f\u00fcr Ann\u00e4herungen zwischen verschiedenen Kulturen, Kunst und Territorium, Identit\u00e4t und kultureller Vielfalt er\u00f6ffnete.<\/strong><\/p>\n\n\n\n<p><strong>Die Kulturbr\u00fccke PONTE CULTURA \/ 2023, die dieses Mal in N\u00fcrnberg stattfindet, setzt diese \u00e4sthetischen und Fragen fort, wobei die Kunst hier als existenzielle Vermittlerin verstanden sein will, als Tr\u00e4gerin eines inneren und spirituellen Selbstverst\u00e4ndnisses und des kollektiven, sozialen und universellen Denkens.<\/strong><\/p>\n\n\n\n<p><strong>f\u00fcr diese Ausgabe des Ponte Cultura Austausches zwischen brasilianischen und deutschen K\u00fcnstlern nehmen wir als Ausgangspunkt eine imagin\u00e4re Begegnung zwischen zwei K\u00fcnstlern, die uns symbolisch repr\u00e4sentieren und uns zu Reflektionen \u00fcber unser Heute motivieren. Als Ausgangspunkt nehmen wir eine imagin\u00e4re Begegnung zwischen dem deutschen K\u00fcnstler Albrecht D\u00fcrer (1471-1528), geboren in N\u00fcrnberg, und dem Brasilianer Chico da Silva (1922\/23 &#8211; 1985), geboren im Amazonasgebiet und wohnhaft in Fortaleza<\/strong>                         Professor Herbert Rolim, Universit\u00e4t Fortaleza<\/p>\n\n\n\n<div class=\"wp-block-columns is-layout-flex wp-container-core-columns-is-layout-9d6595d7 wp-block-columns-is-layout-flex\">\n<div class=\"wp-block-column is-layout-flow wp-block-column-is-layout-flow\">\n<figure class=\"wp-block-image size-large\"><a href=\"http:\/\/www.pontecultura.de\/home\/wp-content\/uploads\/2023\/10\/Duerer-Rhinozeros.jpg\" rel=\"shadowbox[sbpost-1339];player=img;\"><img loading=\"lazy\" decoding=\"async\" width=\"1024\" height=\"824\" src=\"http:\/\/www.pontecultura.de\/home\/wp-content\/uploads\/2023\/10\/Duerer-Rhinozeros-1024x824.jpg\" alt=\"\" class=\"wp-image-1342\" srcset=\"http:\/\/www.pontecultura.de\/home\/wp-content\/uploads\/2023\/10\/Duerer-Rhinozeros-1024x824.jpg 1024w, http:\/\/www.pontecultura.de\/home\/wp-content\/uploads\/2023\/10\/Duerer-Rhinozeros-300x241.jpg 300w, http:\/\/www.pontecultura.de\/home\/wp-content\/uploads\/2023\/10\/Duerer-Rhinozeros-768x618.jpg 768w, http:\/\/www.pontecultura.de\/home\/wp-content\/uploads\/2023\/10\/Duerer-Rhinozeros.jpg 1455w\" sizes=\"auto, (max-width: 1024px) 100vw, 1024px\" \/><\/a><figcaption class=\"wp-element-caption\">Albrecht D\u00fcrer<\/figcaption><\/figure>\n<\/div>\n\n\n\n<div class=\"wp-block-column is-layout-flow wp-block-column-is-layout-flow\">\n<figure class=\"wp-block-image size-large is-resized\"><a href=\"http:\/\/www.pontecultura.de\/home\/wp-content\/uploads\/2023\/10\/Chico-da-Silva-Dragao.jpg\" rel=\"shadowbox[sbpost-1339];player=img;\"><img loading=\"lazy\" decoding=\"async\" src=\"http:\/\/www.pontecultura.de\/home\/wp-content\/uploads\/2023\/10\/Chico-da-Silva-Dragao-1024x717.jpg\" alt=\"\" class=\"wp-image-1343\" width=\"367\" height=\"257\" srcset=\"http:\/\/www.pontecultura.de\/home\/wp-content\/uploads\/2023\/10\/Chico-da-Silva-Dragao-1024x717.jpg 1024w, http:\/\/www.pontecultura.de\/home\/wp-content\/uploads\/2023\/10\/Chico-da-Silva-Dragao-300x210.jpg 300w, http:\/\/www.pontecultura.de\/home\/wp-content\/uploads\/2023\/10\/Chico-da-Silva-Dragao-768x538.jpg 768w, http:\/\/www.pontecultura.de\/home\/wp-content\/uploads\/2023\/10\/Chico-da-Silva-Dragao.jpg 1513w\" sizes=\"auto, (max-width: 367px) 100vw, 367px\" \/><\/a><figcaption class=\"wp-element-caption\">Chico da Silva<\/figcaption><\/figure>\n<\/div>\n<\/div>\n\n\n\n<div class=\"wp-block-columns is-layout-flex wp-container-core-columns-is-layout-9d6595d7 wp-block-columns-is-layout-flex\">\n<div class=\"wp-block-column is-layout-flow wp-block-column-is-layout-flow\">\n<figure class=\"wp-block-image size-full is-resized\"><a href=\"http:\/\/www.pontecultura.de\/home\/wp-content\/uploads\/2023\/10\/7aa6c04f-4ba6-4934-a876-c7165d100a50-1.jpg\" rel=\"shadowbox[sbpost-1339];player=img;\"><img loading=\"lazy\" decoding=\"async\" src=\"http:\/\/www.pontecultura.de\/home\/wp-content\/uploads\/2023\/10\/7aa6c04f-4ba6-4934-a876-c7165d100a50-1.jpg\" alt=\"\" class=\"wp-image-1341\" width=\"456\" height=\"341\" srcset=\"http:\/\/www.pontecultura.de\/home\/wp-content\/uploads\/2023\/10\/7aa6c04f-4ba6-4934-a876-c7165d100a50-1.jpg 1024w, http:\/\/www.pontecultura.de\/home\/wp-content\/uploads\/2023\/10\/7aa6c04f-4ba6-4934-a876-c7165d100a50-1-300x225.jpg 300w, http:\/\/www.pontecultura.de\/home\/wp-content\/uploads\/2023\/10\/7aa6c04f-4ba6-4934-a876-c7165d100a50-1-768x576.jpg 768w\" sizes=\"auto, (max-width: 456px) 100vw, 456px\" \/><\/a><figcaption class=\"wp-element-caption\">Deutsch-Brasilianische Graffiti-K\u00fcnstlergruppe<\/figcaption><\/figure>\n<\/div>\n<\/div>\n\n\n\n<p>Obwohl sie in ihrer Poetik so unterschiedlich und durch Raum und Zeit weit voneinander entfernt sind, haben die K\u00fcnstler D\u00fcrer und Chico da Silva die \u00f6ffentliche Anerkennung erlangt f\u00fcr ihre Weisheit, die sie in ihrem Leben gezeigt haben. Gemeinsam: der eine f\u00fcr N\u00fcrnberg, der andere f\u00fcr Fortaleza.<br>Was bringt sie zusammen und was trennt sie?&nbsp; Wie k\u00f6nnen sich dies in \u00e4sthetischen Erfahrungen niederschlagen?<\/p>\n\n\n\n<p>Als Sohn eines Caboclo (Landarbeiter) aus Cear\u00e1 und einer peruanischen indigenen Eingeborenen, der im Amazonasgebiet geboren wurde und im Alter von 10 Jahren nach Cear\u00e1 (Bundesstaat in Brasilien) kam, ohne jemals eine Schule besucht zu haben, nachdem er vier Jahre in einer psychiatrischen Klinik verbracht hatte, reicht das Werk von Chico da Silva von Kohle- und Ziegelsteinzeichnungen um 1937 auf W\u00e4nden und Mauern von Fischerh\u00fctten an der Praia Formosa in Fortaleza bis hin zu einer ehrenvollen Erw\u00e4hnung auf der Biennale in Venedig 1966 und Ausstellungen in Genf, Paris und Moskau. (und aktuell in Sao Paulo).<\/p>\n\n\n\n<p>Der Dialog dieses Halbindios&nbsp; Chico mit dem Genie des nordischen Renaissance-K\u00fcnstlers D\u00fcrer, erm\u00f6glicht es, durch Analogie zwischen Vernunft und Traum, Fabriken der Abstammung, Allegorien und kulturelle Mythologien, Kunst und Geheimnisse des Lebens, Br\u00e4uche und Glauben zu schaffen &#8211; was uns helfen kann, \u00fcber die Werke dieser beiden emblematischen K\u00fcnstler nachzudenken, wie sie sich in der zeitgen\u00f6ssischen Welt bewegen und uns durchqueren.<\/p>\n\n\n\n<p>Die Beziehung zwischen dem deutschen K\u00fcnstler Albrecht D\u00fcrer und Brasilien geht auf das 19. Jahrhundert zur\u00fcck, auf die Ankunft der k\u00f6niglichen Familie Braganza aus Portugal im Jahr 1807,<\/p>\n\n\n\n<p>Er brachte die K\u00f6nigliche Bibliothek mit an den Hof, deren Sammlung die Stiche des deutschen K\u00fcnstlers enthielt, die heute in der Funda\u00e7\u00e3o Biblioteca Nacional in Rio de Janeiro aufbewahrt werden.<\/p>\n\n\n\n<p>Dank seines historischen Beitrags auf dem Gebiet des Kupferstichs gelangte D\u00fcrer auf kuriose Weise in die Tradition der nord\u00f6stlichen, brasilianischen Kupferstichkunst, die in den Holzschnitten der Einb\u00e4nde der Cordel(*)-Brosch\u00fcren pr\u00e4sent ist. 1995 w\u00fcrdigte die Regierung des Bundesstaates Cear\u00e1 den deutschen K\u00fcnstler mit der Ausstellung D&#8217;Apr\u00e8s Albrecht D\u00fcrer im Centro Cultural da Aboli\u00e7\u00e3o in Fortaleza, in der sein gestochenes Werk im Dialog mit eingeladenen K\u00fcnstlern aus Cear\u00e1 pr\u00e4sentiert wurde.<\/p>\n\n\n\n<p>Ponte Cultura e.V., N\u00fcrnberg gelang es, in Zusammenarbeit mit dem Gemeinschaftshaus Langwasser und der wbg N\u00fcrnberg, \u00a04 brasilianische <strong><em>street art<\/em><\/strong> K\u00fcnstler aus Fortaleza nach N\u00fcrnberg zu holen und sie mit 4 deutschen K\u00fcnstlerinnen und K\u00fcnstlern, die auch in diesem Genre arbeiten, zu verbinden. Carlos Lorente, (Kurator u K\u00fcnstler) Bruna Acioly, Miguel E. Furtado da Silva, Nick Lima Perreira, Hirlan Moura, Sabrina Brandst\u00e4tter,\u00a0\u00a0 Philipp Hennecke, Liliana Martinez hatten sich per whatsapp und durch Prof. Herbert Rolim aus Fortaleza bereits kennengelernt und mit dem Thema der Wand \u201eChico da Silva meets D\u00fcrer\u201c vertraut gemacht. Sie hatten eine 45 m lange Garagenr\u00fcckwand in Langwasser zur Verf\u00fcgung und konnten ihre Ideen, die sie zu den beiden oben beschriebenen K\u00fcnstlern erarbeitet hatten, auf diese Wand auftragen. Es herrschte eine Atmosph\u00e4re von Kollegialit\u00e4t und neu gewonnener Freundschaft zwischen ihnen, was dem Ponte Cultura Gedanken des Br\u00fcckenschlagen sehr entgegen kam. &#8211;\u00a0 Karin Gleixner, eine versierte Diplom-\u00dcbersetzerin aus N\u00fcrnberg,\u00a0 trug ihr \u00fcbriges dazu bei. Professor Herbert Rolim, Universit\u00e4t Fortaleza<\/p>\n\n\n\n<div class=\"wp-block-columns is-layout-flex wp-container-core-columns-is-layout-9d6595d7 wp-block-columns-is-layout-flex\">\n<div class=\"wp-block-column is-layout-flow wp-block-column-is-layout-flow\">\n<figure class=\"wp-block-image size-large is-resized\"><a href=\"http:\/\/www.pontecultura.de\/home\/wp-content\/uploads\/2023\/10\/IMG_6695-scaled.jpg\" rel=\"shadowbox[sbpost-1339];player=img;\"><img loading=\"lazy\" decoding=\"async\" src=\"http:\/\/www.pontecultura.de\/home\/wp-content\/uploads\/2023\/10\/IMG_6695-1024x695.jpg\" alt=\"\" class=\"wp-image-1344\" width=\"207\" height=\"140\" srcset=\"http:\/\/www.pontecultura.de\/home\/wp-content\/uploads\/2023\/10\/IMG_6695-1024x695.jpg 1024w, http:\/\/www.pontecultura.de\/home\/wp-content\/uploads\/2023\/10\/IMG_6695-300x203.jpg 300w, http:\/\/www.pontecultura.de\/home\/wp-content\/uploads\/2023\/10\/IMG_6695-768x521.jpg 768w, http:\/\/www.pontecultura.de\/home\/wp-content\/uploads\/2023\/10\/IMG_6695-1536x1042.jpg 1536w, http:\/\/www.pontecultura.de\/home\/wp-content\/uploads\/2023\/10\/IMG_6695-2048x1389.jpg 2048w\" sizes=\"auto, (max-width: 207px) 100vw, 207px\" \/><\/a><\/figure>\n<\/div>\n\n\n\n<div class=\"wp-block-column is-layout-flow wp-block-column-is-layout-flow\">\n<figure class=\"wp-block-image size-large\"><a href=\"http:\/\/www.pontecultura.de\/home\/wp-content\/uploads\/2023\/10\/IMG_6674.jpg\" rel=\"shadowbox[sbpost-1339];player=img;\"><img loading=\"lazy\" decoding=\"async\" width=\"1024\" height=\"768\" src=\"http:\/\/www.pontecultura.de\/home\/wp-content\/uploads\/2023\/10\/IMG_6674-1024x768.jpg\" alt=\"\" class=\"wp-image-1345\" srcset=\"http:\/\/www.pontecultura.de\/home\/wp-content\/uploads\/2023\/10\/IMG_6674-1024x768.jpg 1024w, http:\/\/www.pontecultura.de\/home\/wp-content\/uploads\/2023\/10\/IMG_6674-300x225.jpg 300w, http:\/\/www.pontecultura.de\/home\/wp-content\/uploads\/2023\/10\/IMG_6674-768x576.jpg 768w, http:\/\/www.pontecultura.de\/home\/wp-content\/uploads\/2023\/10\/IMG_6674-1536x1152.jpg 1536w, http:\/\/www.pontecultura.de\/home\/wp-content\/uploads\/2023\/10\/IMG_6674.jpg 2016w\" sizes=\"auto, (max-width: 1024px) 100vw, 1024px\" \/><\/a><\/figure>\n<\/div>\n\n\n\n<div class=\"wp-block-column is-layout-flow wp-block-column-is-layout-flow\">\n<figure class=\"wp-block-image size-large\"><a href=\"http:\/\/www.pontecultura.de\/home\/wp-content\/uploads\/2023\/10\/IMG_6676.jpg\" rel=\"shadowbox[sbpost-1339];player=img;\"><img loading=\"lazy\" decoding=\"async\" width=\"1024\" height=\"768\" src=\"http:\/\/www.pontecultura.de\/home\/wp-content\/uploads\/2023\/10\/IMG_6676-1024x768.jpg\" alt=\"\" class=\"wp-image-1346\" srcset=\"http:\/\/www.pontecultura.de\/home\/wp-content\/uploads\/2023\/10\/IMG_6676-1024x768.jpg 1024w, http:\/\/www.pontecultura.de\/home\/wp-content\/uploads\/2023\/10\/IMG_6676-300x225.jpg 300w, http:\/\/www.pontecultura.de\/home\/wp-content\/uploads\/2023\/10\/IMG_6676-768x576.jpg 768w, http:\/\/www.pontecultura.de\/home\/wp-content\/uploads\/2023\/10\/IMG_6676-1536x1152.jpg 1536w, http:\/\/www.pontecultura.de\/home\/wp-content\/uploads\/2023\/10\/IMG_6676.jpg 2016w\" sizes=\"auto, (max-width: 1024px) 100vw, 1024px\" \/><\/a><\/figure>\n<\/div>\n<\/div>\n\n\n\n<div class=\"wp-block-columns is-layout-flex wp-container-core-columns-is-layout-9d6595d7 wp-block-columns-is-layout-flex\">\n<div class=\"wp-block-column is-layout-flow wp-block-column-is-layout-flow\">\n<figure class=\"wp-block-image size-large\"><a href=\"http:\/\/www.pontecultura.de\/home\/wp-content\/uploads\/2023\/10\/IMG_6677.jpg\" rel=\"shadowbox[sbpost-1339];player=img;\"><img loading=\"lazy\" decoding=\"async\" width=\"1024\" height=\"768\" src=\"http:\/\/www.pontecultura.de\/home\/wp-content\/uploads\/2023\/10\/IMG_6677-1024x768.jpg\" alt=\"\" class=\"wp-image-1347\" srcset=\"http:\/\/www.pontecultura.de\/home\/wp-content\/uploads\/2023\/10\/IMG_6677-1024x768.jpg 1024w, http:\/\/www.pontecultura.de\/home\/wp-content\/uploads\/2023\/10\/IMG_6677-300x225.jpg 300w, http:\/\/www.pontecultura.de\/home\/wp-content\/uploads\/2023\/10\/IMG_6677-768x576.jpg 768w, http:\/\/www.pontecultura.de\/home\/wp-content\/uploads\/2023\/10\/IMG_6677-1536x1152.jpg 1536w, http:\/\/www.pontecultura.de\/home\/wp-content\/uploads\/2023\/10\/IMG_6677.jpg 2016w\" sizes=\"auto, (max-width: 1024px) 100vw, 1024px\" \/><\/a><\/figure>\n<\/div>\n\n\n\n<div class=\"wp-block-column is-layout-flow wp-block-column-is-layout-flow\">\n<figure class=\"wp-block-image size-large is-resized\"><a href=\"http:\/\/www.pontecultura.de\/home\/wp-content\/uploads\/2023\/10\/IMG_6701-scaled.jpg\" rel=\"shadowbox[sbpost-1339];player=img;\"><img loading=\"lazy\" decoding=\"async\" src=\"http:\/\/www.pontecultura.de\/home\/wp-content\/uploads\/2023\/10\/IMG_6701-1024x518.jpg\" alt=\"\" class=\"wp-image-1348\" width=\"315\" height=\"159\" srcset=\"http:\/\/www.pontecultura.de\/home\/wp-content\/uploads\/2023\/10\/IMG_6701-1024x518.jpg 1024w, http:\/\/www.pontecultura.de\/home\/wp-content\/uploads\/2023\/10\/IMG_6701-300x152.jpg 300w, http:\/\/www.pontecultura.de\/home\/wp-content\/uploads\/2023\/10\/IMG_6701-768x389.jpg 768w, http:\/\/www.pontecultura.de\/home\/wp-content\/uploads\/2023\/10\/IMG_6701-1536x777.jpg 1536w, http:\/\/www.pontecultura.de\/home\/wp-content\/uploads\/2023\/10\/IMG_6701-2048x1037.jpg 2048w\" sizes=\"auto, (max-width: 315px) 100vw, 315px\" \/><\/a><\/figure>\n<\/div>\n\n\n\n<div class=\"wp-block-column is-layout-flow wp-block-column-is-layout-flow\"><\/div>\n<\/div>\n","protected":false},"excerpt":{"rendered":"<p>Die Aussage &#8222;Wir sind eins\u2026und alle zugleich\u201c,&nbsp; die dem Austausch von Ponte Cultura 2023 den (vorl\u00e4ufigen) Titel gibt, erweitert die Erfahrungen des Themas &#8222;Gastfreundschaft&#8220;, das beim letzten Austausch, der vom 11. bis 27. November 2022 in Brasilien im Bundesstaat Cear\u00e1 &hellip; <a href=\"http:\/\/www.pontecultura.de\/home\/ponte-cultura-street-art-in-langwasser-somos-um\/\">Weiterlesen <span class=\"meta-nav\">&rarr;<\/span><\/a><\/p>\n","protected":false},"author":2,"featured_media":0,"comment_status":"closed","ping_status":"closed","sticky":false,"template":"","format":"standard","meta":{"footnotes":""},"categories":[1],"tags":[],"class_list":["post-1339","post","type-post","status-publish","format-standard","hentry","category-allgemein"],"_links":{"self":[{"href":"http:\/\/www.pontecultura.de\/home\/wp-json\/wp\/v2\/posts\/1339","targetHints":{"allow":["GET"]}}],"collection":[{"href":"http:\/\/www.pontecultura.de\/home\/wp-json\/wp\/v2\/posts"}],"about":[{"href":"http:\/\/www.pontecultura.de\/home\/wp-json\/wp\/v2\/types\/post"}],"author":[{"embeddable":true,"href":"http:\/\/www.pontecultura.de\/home\/wp-json\/wp\/v2\/users\/2"}],"replies":[{"embeddable":true,"href":"http:\/\/www.pontecultura.de\/home\/wp-json\/wp\/v2\/comments?post=1339"}],"version-history":[{"count":1,"href":"http:\/\/www.pontecultura.de\/home\/wp-json\/wp\/v2\/posts\/1339\/revisions"}],"predecessor-version":[{"id":1349,"href":"http:\/\/www.pontecultura.de\/home\/wp-json\/wp\/v2\/posts\/1339\/revisions\/1349"}],"wp:attachment":[{"href":"http:\/\/www.pontecultura.de\/home\/wp-json\/wp\/v2\/media?parent=1339"}],"wp:term":[{"taxonomy":"category","embeddable":true,"href":"http:\/\/www.pontecultura.de\/home\/wp-json\/wp\/v2\/categories?post=1339"},{"taxonomy":"post_tag","embeddable":true,"href":"http:\/\/www.pontecultura.de\/home\/wp-json\/wp\/v2\/tags?post=1339"}],"curies":[{"name":"wp","href":"https:\/\/api.w.org\/{rel}","templated":true}]}}