{"id":1170,"date":"2022-05-24T11:19:53","date_gmt":"2022-05-24T11:19:53","guid":{"rendered":"http:\/\/www.pontecultura.de\/home\/?p=1170"},"modified":"2022-05-24T11:19:53","modified_gmt":"2022-05-24T11:19:53","slug":"kuenstlerbegegnung-in-stauf","status":"publish","type":"post","link":"http:\/\/www.pontecultura.de\/home\/kuenstlerbegegnung-in-stauf\/","title":{"rendered":"K\u00fcnstlerbegegnung in Stauf"},"content":{"rendered":"\n<p>(english version below)<\/p>\n\n\n\n<div class=\"wp-block-columns is-layout-flex wp-container-core-columns-is-layout-9d6595d7 wp-block-columns-is-layout-flex\">\n<div class=\"wp-block-column is-layout-flow wp-block-column-is-layout-flow\">\n<figure class=\"wp-block-image size-full is-resized\"><a href=\"http:\/\/www.pontecultura.de\/home\/wp-content\/uploads\/2022\/05\/094e6f99-b44a-4804-a9d3-4e709ec0051d-1.jpg\" rel=\"shadowbox[sbpost-1170];player=img;\"><img loading=\"lazy\" decoding=\"async\" src=\"http:\/\/www.pontecultura.de\/home\/wp-content\/uploads\/2022\/05\/094e6f99-b44a-4804-a9d3-4e709ec0051d-1.jpg\" alt=\"\" class=\"wp-image-1172\" width=\"673\" height=\"504\" srcset=\"http:\/\/www.pontecultura.de\/home\/wp-content\/uploads\/2022\/05\/094e6f99-b44a-4804-a9d3-4e709ec0051d-1.jpg 1024w, http:\/\/www.pontecultura.de\/home\/wp-content\/uploads\/2022\/05\/094e6f99-b44a-4804-a9d3-4e709ec0051d-1-300x225.jpg 300w, http:\/\/www.pontecultura.de\/home\/wp-content\/uploads\/2022\/05\/094e6f99-b44a-4804-a9d3-4e709ec0051d-1-768x576.jpg 768w\" sizes=\"auto, (max-width: 673px) 100vw, 673px\" \/><\/a><figcaption>Artist group PONTE CULTURA in ORTART Gallery, N\u00fcrnberg. May 2022<\/figcaption><\/figure>\n<\/div>\n<\/div>\n\n\n\n<p>Auf Einladung des Bildhauers und Medienk\u00fcnstlers, Thomas V. Held (Tevauha), der seit vielen Jahren ein reges Mitglied unserer PONTE CULTURA K\u00fcnstlergruppe ist, und schon viele Male mit uns nach Brasilien gefahren ist, haben wir im Anschluss an die beiden Ausstellungen im Mai 2022 in N\u00fcrnberg in seinem Anwesen in Stauf einen kleinen Workshop abgehalten. <strong>(1)<\/strong><br><strong>Stauf<\/strong> liegt ca. 1 Stunde s\u00fcdwestlich von N\u00fcrnberg, im Seenland und ist von einer h\u00fcgeligen, Landschaft mit keltischen \u00dcberresten und mittelalterlichen Burgen <strong>(2) <\/strong>gepr\u00e4gt. \u00a0Jetzt im Mai entwickelte sich ein spektakul\u00e4res Fr\u00fchlingserwachen in der Natur <strong>(3),<\/strong> was insbesondere unsere brasilianische K\u00fcnstlerin <strong>(4) <\/strong>ganz besonders wahrnahm. Hinter dem Schuppen unter den bl\u00fchenden Apfelb\u00e4umen fand sie ihren Meditationsplatz. \u00a0<br>Gerlinde aus N\u00fcrnberg \u00fcbernahm die Verk\u00f6stigung der kleinen Gruppe, die aus Stefani, die aus Vancouver angereist war, bestand; ausserdem aus Andrea aus Wien, Ana Cristina aus Fortaleza\/Brasilien und kurzzeitig Reinhild aus M\u00fcnchen. Lisa, Marianne und Peter aus N\u00fcrnberg vervollst\u00e4ndigten die Runde. <strong>(5)<\/strong>\u00a0 und <strong>(6)<\/strong><br>In Thomas Metallwerkstatt durften wir kreativ werden.\u00a0 Kisten voller kleiner Eisenteile standen uns zur Verf\u00fcgung, um jeweils einen Namen aus den unterschiedlichsten Formen zu legen <strong>(7)<\/strong>, den er\u00a0 und wer mochte \u2013 wie Lisa &#8211; \u00a0dann zusammenschweissten.\u00a0 <strong>(8) <\/strong>Wir erlebten das hautnah, genauso wie das Schmieden eines Eisennagels im offenen Feuer einer Esse. <strong>(9<\/strong>)<br>Gespr\u00e4che, Informationen und fruchtbare Diskussionen am Abend bereiteten bereits unsere grosse n\u00e4chste Reise nach Fortaleza, im November 2022 vor. Ein detaillierter Tagesablauf f\u00fcr diese Reise ist bereits entstanden und zeigt, dass wir es wieder mit einer engagierten und kompetenten Mannschaft in Fortaleza zu tun haben werden. Ein Ansporn, auch von unserer Seite das beste zum Thema der <strong>Gastfreundschaft \/ Hospitalidade<\/strong>\u00a0\u00a0 zu leisten!\u00a0\u00a0 Die kleine Ausstellung in der <strong>Galerie ortart<\/strong> war ja schon die erste Kontaktaufnahme zum Thema<strong>.(10)<\/strong><\/p>\n\n\n\n<div class=\"wp-block-columns is-layout-flex wp-container-core-columns-is-layout-9d6595d7 wp-block-columns-is-layout-flex\">\n<div class=\"wp-block-column is-layout-flow wp-block-column-is-layout-flow\">\n<figure class=\"wp-block-image size-full\"><a href=\"http:\/\/www.pontecultura.de\/home\/wp-content\/uploads\/2022\/05\/1adfeec1-65e0-4bb8-8a5f-ecae5863aeb6-1.jpg\" rel=\"shadowbox[sbpost-1170];player=img;\"><img loading=\"lazy\" decoding=\"async\" width=\"768\" height=\"1024\" src=\"http:\/\/www.pontecultura.de\/home\/wp-content\/uploads\/2022\/05\/1adfeec1-65e0-4bb8-8a5f-ecae5863aeb6-1.jpg\" alt=\"\" class=\"wp-image-1174\" srcset=\"http:\/\/www.pontecultura.de\/home\/wp-content\/uploads\/2022\/05\/1adfeec1-65e0-4bb8-8a5f-ecae5863aeb6-1.jpg 768w, http:\/\/www.pontecultura.de\/home\/wp-content\/uploads\/2022\/05\/1adfeec1-65e0-4bb8-8a5f-ecae5863aeb6-1-225x300.jpg 225w\" sizes=\"auto, (max-width: 768px) 100vw, 768px\" \/><\/a><figcaption>1<\/figcaption><\/figure>\n<\/div>\n\n\n\n<div class=\"wp-block-column is-layout-flow wp-block-column-is-layout-flow\">\n<figure class=\"wp-block-image size-full is-resized\"><a href=\"http:\/\/www.pontecultura.de\/home\/wp-content\/uploads\/2022\/05\/IMG_9309.jpg\" rel=\"shadowbox[sbpost-1170];player=img;\"><img loading=\"lazy\" decoding=\"async\" src=\"http:\/\/www.pontecultura.de\/home\/wp-content\/uploads\/2022\/05\/IMG_9309.jpg\" alt=\"\" class=\"wp-image-1175\" width=\"211\" height=\"158\" srcset=\"http:\/\/www.pontecultura.de\/home\/wp-content\/uploads\/2022\/05\/IMG_9309.jpg 640w, http:\/\/www.pontecultura.de\/home\/wp-content\/uploads\/2022\/05\/IMG_9309-300x225.jpg 300w\" sizes=\"auto, (max-width: 211px) 100vw, 211px\" \/><\/a><figcaption>2<\/figcaption><\/figure>\n<\/div>\n\n\n\n<div class=\"wp-block-column is-layout-flow wp-block-column-is-layout-flow\">\n<figure class=\"wp-block-image size-full\"><a href=\"http:\/\/www.pontecultura.de\/home\/wp-content\/uploads\/2022\/05\/IMG_9327-rotated.jpg\" rel=\"shadowbox[sbpost-1170];player=img;\"><img loading=\"lazy\" decoding=\"async\" width=\"480\" height=\"640\" src=\"http:\/\/www.pontecultura.de\/home\/wp-content\/uploads\/2022\/05\/IMG_9327-rotated.jpg\" alt=\"\" class=\"wp-image-1176\" srcset=\"http:\/\/www.pontecultura.de\/home\/wp-content\/uploads\/2022\/05\/IMG_9327-rotated.jpg 480w, http:\/\/www.pontecultura.de\/home\/wp-content\/uploads\/2022\/05\/IMG_9327-225x300.jpg 225w\" sizes=\"auto, (max-width: 480px) 100vw, 480px\" \/><\/a><figcaption>3<\/figcaption><\/figure>\n<\/div>\n<\/div>\n\n\n\n<div class=\"wp-block-columns is-layout-flex wp-container-core-columns-is-layout-9d6595d7 wp-block-columns-is-layout-flex\">\n<div class=\"wp-block-column is-layout-flow wp-block-column-is-layout-flow\" style=\"flex-basis:25%\">\n<figure class=\"wp-block-image size-full\"><a href=\"http:\/\/www.pontecultura.de\/home\/wp-content\/uploads\/2022\/05\/IMG_9316-rotated.jpg\" rel=\"shadowbox[sbpost-1170];player=img;\"><img loading=\"lazy\" decoding=\"async\" width=\"480\" height=\"640\" src=\"http:\/\/www.pontecultura.de\/home\/wp-content\/uploads\/2022\/05\/IMG_9316-rotated.jpg\" alt=\"\" class=\"wp-image-1177\" srcset=\"http:\/\/www.pontecultura.de\/home\/wp-content\/uploads\/2022\/05\/IMG_9316-rotated.jpg 480w, http:\/\/www.pontecultura.de\/home\/wp-content\/uploads\/2022\/05\/IMG_9316-225x300.jpg 225w\" sizes=\"auto, (max-width: 480px) 100vw, 480px\" \/><\/a><figcaption>4<\/figcaption><\/figure>\n<\/div>\n\n\n\n<div class=\"wp-block-column is-layout-flow wp-block-column-is-layout-flow\" style=\"flex-basis:50%\">\n<figure class=\"wp-block-image size-full\"><a href=\"http:\/\/www.pontecultura.de\/home\/wp-content\/uploads\/2022\/05\/64f657dd-43cb-4e5f-9d8b-33bd7d9588ea-1.jpg\" rel=\"shadowbox[sbpost-1170];player=img;\"><img loading=\"lazy\" decoding=\"async\" width=\"1024\" height=\"768\" src=\"http:\/\/www.pontecultura.de\/home\/wp-content\/uploads\/2022\/05\/64f657dd-43cb-4e5f-9d8b-33bd7d9588ea-1.jpg\" alt=\"\" class=\"wp-image-1182\" srcset=\"http:\/\/www.pontecultura.de\/home\/wp-content\/uploads\/2022\/05\/64f657dd-43cb-4e5f-9d8b-33bd7d9588ea-1.jpg 1024w, http:\/\/www.pontecultura.de\/home\/wp-content\/uploads\/2022\/05\/64f657dd-43cb-4e5f-9d8b-33bd7d9588ea-1-300x225.jpg 300w, http:\/\/www.pontecultura.de\/home\/wp-content\/uploads\/2022\/05\/64f657dd-43cb-4e5f-9d8b-33bd7d9588ea-1-768x576.jpg 768w\" sizes=\"auto, (max-width: 1024px) 100vw, 1024px\" \/><\/a><figcaption>5<\/figcaption><\/figure>\n<\/div>\n\n\n\n<div class=\"wp-block-column is-layout-flow wp-block-column-is-layout-flow\" style=\"flex-basis:25%\">\n<figure class=\"wp-block-image size-full\"><a href=\"http:\/\/www.pontecultura.de\/home\/wp-content\/uploads\/2022\/05\/IMG_9314-rotated.jpg\" rel=\"shadowbox[sbpost-1170];player=img;\"><img loading=\"lazy\" decoding=\"async\" width=\"480\" height=\"640\" src=\"http:\/\/www.pontecultura.de\/home\/wp-content\/uploads\/2022\/05\/IMG_9314-rotated.jpg\" alt=\"\" class=\"wp-image-1183\" srcset=\"http:\/\/www.pontecultura.de\/home\/wp-content\/uploads\/2022\/05\/IMG_9314-rotated.jpg 480w, http:\/\/www.pontecultura.de\/home\/wp-content\/uploads\/2022\/05\/IMG_9314-225x300.jpg 225w\" sizes=\"auto, (max-width: 480px) 100vw, 480px\" \/><\/a><figcaption> 6 (no artist!)<\/figcaption><\/figure>\n<\/div>\n<\/div>\n\n\n\n<div class=\"wp-block-columns is-layout-flex wp-container-core-columns-is-layout-9d6595d7 wp-block-columns-is-layout-flex\">\n<div class=\"wp-block-column is-layout-flow wp-block-column-is-layout-flow\">\n<figure class=\"wp-block-image size-large\"><a href=\"http:\/\/www.pontecultura.de\/home\/wp-content\/uploads\/2022\/05\/IMG_9388-rotated.jpg\" rel=\"shadowbox[sbpost-1170];player=img;\"><img loading=\"lazy\" decoding=\"async\" width=\"768\" height=\"1024\" src=\"http:\/\/www.pontecultura.de\/home\/wp-content\/uploads\/2022\/05\/IMG_9388-768x1024.jpg\" alt=\"\" class=\"wp-image-1180\" srcset=\"http:\/\/www.pontecultura.de\/home\/wp-content\/uploads\/2022\/05\/IMG_9388-768x1024.jpg 768w, http:\/\/www.pontecultura.de\/home\/wp-content\/uploads\/2022\/05\/IMG_9388-225x300.jpg 225w, http:\/\/www.pontecultura.de\/home\/wp-content\/uploads\/2022\/05\/IMG_9388-1152x1536.jpg 1152w, http:\/\/www.pontecultura.de\/home\/wp-content\/uploads\/2022\/05\/IMG_9388-rotated.jpg 1512w\" sizes=\"auto, (max-width: 768px) 100vw, 768px\" \/><\/a><figcaption>7<\/figcaption><\/figure>\n<\/div>\n\n\n\n<div class=\"wp-block-column is-layout-flow wp-block-column-is-layout-flow\">\n<figure class=\"wp-block-image size-full\"><a href=\"http:\/\/www.pontecultura.de\/home\/wp-content\/uploads\/2022\/05\/bcbb2bc0-aa28-4dfb-9244-55aaa1d3c944.jpg\" rel=\"shadowbox[sbpost-1170];player=img;\"><img loading=\"lazy\" decoding=\"async\" width=\"1024\" height=\"768\" src=\"http:\/\/www.pontecultura.de\/home\/wp-content\/uploads\/2022\/05\/bcbb2bc0-aa28-4dfb-9244-55aaa1d3c944.jpg\" alt=\"\" class=\"wp-image-1184\" srcset=\"http:\/\/www.pontecultura.de\/home\/wp-content\/uploads\/2022\/05\/bcbb2bc0-aa28-4dfb-9244-55aaa1d3c944.jpg 1024w, http:\/\/www.pontecultura.de\/home\/wp-content\/uploads\/2022\/05\/bcbb2bc0-aa28-4dfb-9244-55aaa1d3c944-300x225.jpg 300w, http:\/\/www.pontecultura.de\/home\/wp-content\/uploads\/2022\/05\/bcbb2bc0-aa28-4dfb-9244-55aaa1d3c944-768x576.jpg 768w\" sizes=\"auto, (max-width: 1024px) 100vw, 1024px\" \/><\/a><figcaption>8<\/figcaption><\/figure>\n<\/div>\n\n\n\n<div class=\"wp-block-column is-layout-flow wp-block-column-is-layout-flow\">\n<figure class=\"wp-block-image size-large\"><a href=\"http:\/\/www.pontecultura.de\/home\/wp-content\/uploads\/2022\/05\/7b81663f-e3ee-4c50-9106-95804c464541.jpg\" rel=\"shadowbox[sbpost-1170];player=img;\"><img loading=\"lazy\" decoding=\"async\" width=\"768\" height=\"1024\" src=\"http:\/\/www.pontecultura.de\/home\/wp-content\/uploads\/2022\/05\/7b81663f-e3ee-4c50-9106-95804c464541-768x1024.jpg\" alt=\"\" class=\"wp-image-1185\" srcset=\"http:\/\/www.pontecultura.de\/home\/wp-content\/uploads\/2022\/05\/7b81663f-e3ee-4c50-9106-95804c464541-768x1024.jpg 768w, http:\/\/www.pontecultura.de\/home\/wp-content\/uploads\/2022\/05\/7b81663f-e3ee-4c50-9106-95804c464541-225x300.jpg 225w, http:\/\/www.pontecultura.de\/home\/wp-content\/uploads\/2022\/05\/7b81663f-e3ee-4c50-9106-95804c464541-1152x1536.jpg 1152w, http:\/\/www.pontecultura.de\/home\/wp-content\/uploads\/2022\/05\/7b81663f-e3ee-4c50-9106-95804c464541.jpg 1200w\" sizes=\"auto, (max-width: 768px) 100vw, 768px\" \/><\/a><figcaption>9<\/figcaption><\/figure>\n<\/div>\n<\/div>\n\n\n\n<p><strong>Artist meeting and workshop in Stauf<\/strong><\/p>\n\n\n\n<p>At the invitation of the sculptor and media artist, Thomas V. Held (Tevauha), who has been an active member of our PONTE CULTURA artists&#8216; group for many years and has travelled with us to Brazil many times, we held a small workshop at his place in Stauf following the two exhibitions in Nuremberg in May 2022. <strong>(1)<\/strong><\/p>\n\n\n\n<p>Stauf is located about 1 hour southwest of Nuremberg, in the lake district and is characterised by a hilly, landscape with Celtic remains and medieval castles <strong>(2)<\/strong>.\u00a0 Now in May, a spectacular spring awakening developed in nature <strong>(3)<\/strong>, which was particularly noticed by our Brazilian <strong>(4)<\/strong> artist. Behind the shed under the blossoming apple trees she found her meditation place.\u00a0<br>Gerlinde from Nuremberg took over the catering for the small group, which consisted of Stefani, who had come from Vancouver; also Andrea from Vienna, Ana Cristina from Fortaleza\/Brazil and briefly Reinhild from Munich. Lisa, Marianne and Peter from Nuremberg completed the group. <strong>(5)<\/strong> and <strong>(6)<\/strong><br>In Thomas&#8216; metal workshop we were allowed to get creative.\u00a0 Boxes full of small iron parts were available for us to each create a name <strong>(7)<\/strong> from the most diverse shapes, which he and whoever liked &#8211; like Lisa &#8211; then welded together <strong>(8)<\/strong>.\u00a0 We experienced this first hand, just like forging an iron nail in the open fire of a forge. <strong>(9)<\/strong><br>Conversations, information and fruitful discussions in the evening were already preparing for our big next trip to Fortaleza, in November 2022. A detailed daily schedule for this trip has already been created and shows that we will again be dealing with a committed and competent team in Fortaleza. An incentive to do our best on the topic of hospitality \/ hospitalidade from our side as well!\u00a0\u00a0 The small exhibition in the ortart gallery was already the first contact with the topic. <strong>(10)<\/strong><\/p>\n","protected":false},"excerpt":{"rendered":"<p>(english version below) Auf Einladung des Bildhauers und Medienk\u00fcnstlers, Thomas V. Held (Tevauha), der seit vielen Jahren ein reges Mitglied unserer PONTE CULTURA K\u00fcnstlergruppe ist, und schon viele Male mit uns nach Brasilien gefahren ist, haben wir im Anschluss an &hellip; <a href=\"http:\/\/www.pontecultura.de\/home\/kuenstlerbegegnung-in-stauf\/\">Weiterlesen <span class=\"meta-nav\">&rarr;<\/span><\/a><\/p>\n","protected":false},"author":2,"featured_media":0,"comment_status":"closed","ping_status":"closed","sticky":false,"template":"","format":"standard","meta":{"footnotes":""},"categories":[1],"tags":[],"class_list":["post-1170","post","type-post","status-publish","format-standard","hentry","category-allgemein"],"_links":{"self":[{"href":"http:\/\/www.pontecultura.de\/home\/wp-json\/wp\/v2\/posts\/1170","targetHints":{"allow":["GET"]}}],"collection":[{"href":"http:\/\/www.pontecultura.de\/home\/wp-json\/wp\/v2\/posts"}],"about":[{"href":"http:\/\/www.pontecultura.de\/home\/wp-json\/wp\/v2\/types\/post"}],"author":[{"embeddable":true,"href":"http:\/\/www.pontecultura.de\/home\/wp-json\/wp\/v2\/users\/2"}],"replies":[{"embeddable":true,"href":"http:\/\/www.pontecultura.de\/home\/wp-json\/wp\/v2\/comments?post=1170"}],"version-history":[{"count":1,"href":"http:\/\/www.pontecultura.de\/home\/wp-json\/wp\/v2\/posts\/1170\/revisions"}],"predecessor-version":[{"id":1186,"href":"http:\/\/www.pontecultura.de\/home\/wp-json\/wp\/v2\/posts\/1170\/revisions\/1186"}],"wp:attachment":[{"href":"http:\/\/www.pontecultura.de\/home\/wp-json\/wp\/v2\/media?parent=1170"}],"wp:term":[{"taxonomy":"category","embeddable":true,"href":"http:\/\/www.pontecultura.de\/home\/wp-json\/wp\/v2\/categories?post=1170"},{"taxonomy":"post_tag","embeddable":true,"href":"http:\/\/www.pontecultura.de\/home\/wp-json\/wp\/v2\/tags?post=1170"}],"curies":[{"name":"wp","href":"https:\/\/api.w.org\/{rel}","templated":true}]}}