{"id":1066,"date":"2021-05-02T10:07:30","date_gmt":"2021-05-02T10:07:30","guid":{"rendered":"http:\/\/www.pontecultura.de\/home\/?p=1066"},"modified":"2021-05-02T10:07:33","modified_gmt":"2021-05-02T10:07:33","slug":"ponte-cultura-in-zeiten-der-corona-pandemie-2020-2021","status":"publish","type":"post","link":"http:\/\/www.pontecultura.de\/home\/ponte-cultura-in-zeiten-der-corona-pandemie-2020-2021\/","title":{"rendered":"Ponte Cultura &#8211; in Zeiten der Corona Pandemie 2020 \/2021"},"content":{"rendered":"\n<p><\/p>\n\n\n\n<figure class=\"wp-block-image\"><img loading=\"lazy\" decoding=\"async\" width=\"852\" height=\"822\" src=\"http:\/\/www.pontecultura.de\/home\/wp-content\/uploads\/2021\/05\/pfizer-1.jpg\" alt=\"\" class=\"wp-image-1067\" srcset=\"http:\/\/www.pontecultura.de\/home\/wp-content\/uploads\/2021\/05\/pfizer-1.jpg 852w, http:\/\/www.pontecultura.de\/home\/wp-content\/uploads\/2021\/05\/pfizer-1-300x289.jpg 300w, http:\/\/www.pontecultura.de\/home\/wp-content\/uploads\/2021\/05\/pfizer-1-768x741.jpg 768w\" sizes=\"auto, (max-width: 852px) 100vw, 852px\" \/><figcaption>Impfstofftransport in Brasilien ! <br><br><\/figcaption><\/figure>\n\n\n\n<p>trotzdem: &#8230;. die Geschichte von Ponte Cultura geht weiter!<\/p>\n\n\n\n<p>wir mussten den Verlust einer sehr geliebten und gesch\u00e4tzten brasilianischen K\u00fcnstlerfreundin hinnehmen, die einem Krebsleiden im Herbst 2020 erlag.<\/p>\n\n\n\n<figure class=\"wp-block-image is-resized\"><img loading=\"lazy\" decoding=\"async\" src=\"http:\/\/www.pontecultura.de\/home\/wp-content\/uploads\/2021\/05\/IWJU8962-2.jpg\" alt=\"\" class=\"wp-image-1069\" width=\"88\" height=\"110\"\/><figcaption>Damara Bianconi, Sao Paulo<br><br><br><br><\/figcaption><\/figure>\n\n\n\n<div class=\"wp-block-file\"><a href=\"http:\/\/www.pontecultura.de\/home\/wp-content\/uploads\/2021\/05\/SUFB9106-1.jpg\" rel=\"shadowbox[sbpost-1066];player=img;\">Trauerbrief der deutschen K\u00fcnstlerinnen und K\u00fcnstler<\/a><a href=\"http:\/\/www.pontecultura.de\/home\/wp-content\/uploads\/2021\/05\/SUFB9106-1.jpg\" rel=\"shadowbox[sbpost-1066];player=img;\" class=\"wp-block-file__button\" download>Herunterladen<\/a><\/div>\n\n\n\n<p style=\"text-align:left\"><br><\/p>\n\n\n\n<p>&#8222;unsere liebe Damara ist tot. Das ist schwer zu akzeptieren! &#8211; Sie geh\u00f6rte zu unserer Familie von K\u00fcnstlern auf beiden Seiten des Ozeans. Sie spielte eine wichtige Rolle in unserer Vereinigung, die sich dem Austausch zwischen K\u00fcnstlern und Europa widmet. Wir erinnern uns an ihre W\u00e4rme, ihre Herzlichkeit, ihr sch\u00f6nes Lachen und ihre Fachkompetenz. Sie hinterl\u00e4sst eine grosse L\u00fccke in unserer K\u00fcnstlergruppe. Wir denken an Euch, die Zur\u00fcckgebliebenen der Familie, die wir Euch alle w\u00e4hrend des Symposiums 2017 in Eurem Wohnsitz kennenlernen durften. (Marianne und Peter St\u00fcve, G\u00fcnter Braunsberg, Gerlinde Pistner, Lisa Haselbek, Brigitte Schwacke, Reinhild Gerum, Berit Klasing, Wond, Renate Gehrcke, Thomas Held, Fred Ziegler, Clemens Heinl, Anna Handick, Annette Rollenmiller und Stefani Peter.)<\/p>\n\n\n\n<h2 class=\"wp-block-heading\">Ponte Cultura &#8211; Kunst in Kirchen im N\u00fcrnberger Raum<\/h2>\n\n\n\n<p>Erde im Gleichgewicht?<\/p>\n\n\n\n<p>in einer romanischen Kirche im S\u00fcden Frankfreichs, die unserer Gruppe als Atelier-Raum zur Verf\u00fcgung gestellt wurde, sind hier gezeigte Werke entstanden. Die romanische Schlichtheit, die in ihrer unglaublichen Ausstrahlung immer eine grosse Sakralit\u00e4t aus\u00fcbte, ist mit Sicherheit in die Arbeiten der K\u00fcnstler eingedrungen, die sich zuvor mit dem Thema der \u00f6kologischen und klimatischen Situation auf unserer Erde auseinandergesetzt hatten.<\/p>\n\n\n\n<div class=\"wp-block-file\"><a href=\"http:\/\/www.pontecultura.de\/home\/wp-content\/uploads\/2021\/05\/St.-Martha-Heroldsberg.jpg\" rel=\"shadowbox[sbpost-1066];player=img;\" class=\"wp-block-file__button\" download>Herunterladen<\/a><\/div>\n\n\n\n<p><br><\/p>\n\n\n\n<figure class=\"wp-block-image is-resized\"><img loading=\"lazy\" decoding=\"async\" src=\"http:\/\/www.pontecultura.de\/home\/wp-content\/uploads\/2021\/05\/St.-Marien-Katzwang.jpg\" alt=\"\" class=\"wp-image-1072\" width=\"244\" height=\"161\" srcset=\"http:\/\/www.pontecultura.de\/home\/wp-content\/uploads\/2021\/05\/St.-Marien-Katzwang.jpg 819w, http:\/\/www.pontecultura.de\/home\/wp-content\/uploads\/2021\/05\/St.-Marien-Katzwang-300x199.jpg 300w, http:\/\/www.pontecultura.de\/home\/wp-content\/uploads\/2021\/05\/St.-Marien-Katzwang-768x509.jpg 768w\" sizes=\"auto, (max-width: 244px) 100vw, 244px\" \/><figcaption>2015 St. Marien Katzwang \/ N\u00fcrnberg<br><br>Erde im Gleichgewicht ?<br>deutsch\/brasilianische Ausstellung von Ponte Cultura e.V. 2015 (organisiert von PC Mitglied Dr. Horst Preusche)<br><br><br><br><\/figcaption><\/figure>\n\n\n\n<figure class=\"wp-block-image is-resized\"><img loading=\"lazy\" decoding=\"async\" src=\"http:\/\/www.pontecultura.de\/home\/wp-content\/uploads\/2021\/05\/St.-Bartholom\u00e4us-Eschenau.jpg\" alt=\"\" class=\"wp-image-1074\" width=\"223\" height=\"172\" srcset=\"http:\/\/www.pontecultura.de\/home\/wp-content\/uploads\/2021\/05\/St.-Bartholom\u00e4us-Eschenau.jpg 606w, http:\/\/www.pontecultura.de\/home\/wp-content\/uploads\/2021\/05\/St.-Bartholom\u00e4us-Eschenau-300x233.jpg 300w\" sizes=\"auto, (max-width: 223px) 100vw, 223px\" \/><figcaption>2016 St. Bartholom\u00e4us in Eschenau \/ N\u00fcrnberg<br><br>Erde im Gleichgewicht?<br><br>deutsch\/brasilianische Ausstellung von Ponte Cultura e.V. (organisiert von PC Mitglied Gert H\u00f6ppner)<br><br><\/figcaption><\/figure>\n\n\n\n<figure class=\"wp-block-image is-resized\"><img loading=\"lazy\" decoding=\"async\" src=\"http:\/\/www.pontecultura.de\/home\/wp-content\/uploads\/2021\/05\/St.-Martha-Heroldsberg-1.jpg\" alt=\"\" class=\"wp-image-1075\" width=\"182\" height=\"242\"\/><figcaption>2020 (geplant)<br><br>St. Margaretha in Heroldsberg \/ N\u00fcrnberg<br><br>Erde im Gleichgewicht ?  (wegen Corona-Pandemie verschoben auf 2021\/2022?)<br><br><\/figcaption><\/figure>\n","protected":false},"excerpt":{"rendered":"<p>trotzdem: &#8230;. die Geschichte von Ponte Cultura geht weiter! wir mussten den Verlust einer sehr geliebten und gesch\u00e4tzten brasilianischen K\u00fcnstlerfreundin hinnehmen, die einem Krebsleiden im Herbst 2020 erlag. &#8222;unsere liebe Damara ist tot. Das ist schwer zu akzeptieren! &#8211; Sie &hellip; <a href=\"http:\/\/www.pontecultura.de\/home\/ponte-cultura-in-zeiten-der-corona-pandemie-2020-2021\/\">Weiterlesen <span class=\"meta-nav\">&rarr;<\/span><\/a><\/p>\n","protected":false},"author":2,"featured_media":0,"comment_status":"closed","ping_status":"closed","sticky":false,"template":"","format":"standard","meta":{"footnotes":""},"categories":[1],"tags":[],"class_list":["post-1066","post","type-post","status-publish","format-standard","hentry","category-allgemein"],"_links":{"self":[{"href":"http:\/\/www.pontecultura.de\/home\/wp-json\/wp\/v2\/posts\/1066","targetHints":{"allow":["GET"]}}],"collection":[{"href":"http:\/\/www.pontecultura.de\/home\/wp-json\/wp\/v2\/posts"}],"about":[{"href":"http:\/\/www.pontecultura.de\/home\/wp-json\/wp\/v2\/types\/post"}],"author":[{"embeddable":true,"href":"http:\/\/www.pontecultura.de\/home\/wp-json\/wp\/v2\/users\/2"}],"replies":[{"embeddable":true,"href":"http:\/\/www.pontecultura.de\/home\/wp-json\/wp\/v2\/comments?post=1066"}],"version-history":[{"count":1,"href":"http:\/\/www.pontecultura.de\/home\/wp-json\/wp\/v2\/posts\/1066\/revisions"}],"predecessor-version":[{"id":1076,"href":"http:\/\/www.pontecultura.de\/home\/wp-json\/wp\/v2\/posts\/1066\/revisions\/1076"}],"wp:attachment":[{"href":"http:\/\/www.pontecultura.de\/home\/wp-json\/wp\/v2\/media?parent=1066"}],"wp:term":[{"taxonomy":"category","embeddable":true,"href":"http:\/\/www.pontecultura.de\/home\/wp-json\/wp\/v2\/categories?post=1066"},{"taxonomy":"post_tag","embeddable":true,"href":"http:\/\/www.pontecultura.de\/home\/wp-json\/wp\/v2\/tags?post=1066"}],"curies":[{"name":"wp","href":"https:\/\/api.w.org\/{rel}","templated":true}]}}