{"id":1,"date":"2011-03-04T13:41:03","date_gmt":"2011-03-04T13:41:03","guid":{"rendered":"http:\/\/www.pontecultura.de\/home\/?p=1"},"modified":"2011-05-09T10:23:04","modified_gmt":"2011-05-09T10:23:04","slug":"hallo-welt","status":"publish","type":"post","link":"http:\/\/www.pontecultura.de\/home\/hallo-welt\/","title":{"rendered":"20 Jahre Ponte Cultura"},"content":{"rendered":"<p>Am 26.11.2010 fand in N\u00fcrnberg die Ausstellung <span style=\"color: #993300;\"><strong>Caminhos\/Wege<\/strong><\/span> anl\u00e4\u00dflich des 20j\u00e4hrigen Jubil\u00e4ums des Kunstvereins Ponte Cultra in der Galerie <a href=\"http:\/\/ortart.de\" target=\"_blank\">ortart<\/a> statt.<\/p>\n<p><a href=\"http:\/\/www.pontecultura.de\/home\/wp-content\/uploads\/2011\/03\/jocatos1.jpg\" rel=\"shadowbox[sbpost-1];player=img;\" title=\"jocatos1\"><img loading=\"lazy\" decoding=\"async\" class=\"size-thumbnail wp-image-77 alignleft\" title=\"jocatos1\" src=\"http:\/\/www.pontecultura.de\/home\/wp-content\/uploads\/2011\/03\/jocatos1-150x150.jpg\" alt=\"\" width=\"150\" height=\"150\" srcset=\"http:\/\/www.pontecultura.de\/home\/wp-content\/uploads\/2011\/03\/jocatos1-150x150.jpg 150w, http:\/\/www.pontecultura.de\/home\/wp-content\/uploads\/2011\/03\/jocatos1-300x300.jpg 300w, http:\/\/www.pontecultura.de\/home\/wp-content\/uploads\/2011\/03\/jocatos1.jpg 800w\" sizes=\"auto, (max-width: 150px) 100vw, 150px\" \/><\/a><a href=\"http:\/\/www.pontecultura.de\/home\/wp-content\/uploads\/2011\/03\/jocatos2.jpg\" rel=\"shadowbox[sbpost-1];player=img;\" title=\"jocatos2\"><img loading=\"lazy\" decoding=\"async\" class=\"size-thumbnail wp-image-78 alignright\" title=\"jocatos2\" src=\"http:\/\/www.pontecultura.de\/home\/wp-content\/uploads\/2011\/03\/jocatos2-150x150.jpg\" alt=\"\" width=\"150\" height=\"150\" srcset=\"http:\/\/www.pontecultura.de\/home\/wp-content\/uploads\/2011\/03\/jocatos2-150x150.jpg 150w, http:\/\/www.pontecultura.de\/home\/wp-content\/uploads\/2011\/03\/jocatos2-298x300.jpg 298w, http:\/\/www.pontecultura.de\/home\/wp-content\/uploads\/2011\/03\/jocatos2.jpg 797w\" sizes=\"auto, (max-width: 150px) 100vw, 150px\" \/><\/a><a href=\"http:\/\/www.pontecultura.de\/home\/wp-content\/uploads\/2011\/03\/oa25_rueck.pdf\" title=\"25. Onart: Caminhos\/Wege\"><img loading=\"lazy\" decoding=\"async\" class=\"size-medium wp-image-80 aligncenter\" title=\"25. Onart: Caminhos\/Wege\" src=\"http:\/\/www.pontecultura.de\/home\/wp-content\/uploads\/2011\/03\/ortart_25-300x212.jpg\" alt=\"\" width=\"300\" height=\"212\" srcset=\"http:\/\/www.pontecultura.de\/home\/wp-content\/uploads\/2011\/03\/ortart_25-300x212.jpg 300w, http:\/\/www.pontecultura.de\/home\/wp-content\/uploads\/2011\/03\/ortart_25.jpg 800w\" sizes=\"auto, (max-width: 300px) 100vw, 300px\" \/><\/a><\/p>\n<p><a href=\"http:\/\/www.pontecultura.de\/home\/wp-content\/uploads\/2011\/03\/werner1.jpg\" rel=\"shadowbox[sbpost-1];player=img;\" title=\"werner1\"><img loading=\"lazy\" decoding=\"async\" class=\"size-thumbnail wp-image-81 alignleft\" title=\"werner1\" src=\"http:\/\/www.pontecultura.de\/home\/wp-content\/uploads\/2011\/03\/werner1-150x150.jpg\" alt=\"\" width=\"150\" height=\"150\" \/><\/a><\/p>\n<p><a href=\"http:\/\/www.pontecultura.de\/home\/wp-content\/uploads\/2011\/03\/werner1.jpg\" rel=\"shadowbox[sbpost-1];player=img;\"><\/a><a href=\"http:\/\/www.pontecultura.de\/home\/wp-content\/uploads\/2011\/03\/werner3.jpg\" rel=\"shadowbox[sbpost-1];player=img;\" title=\"werner3\"><img loading=\"lazy\" decoding=\"async\" class=\"size-thumbnail wp-image-83 alignright\" title=\"werner3\" src=\"http:\/\/www.pontecultura.de\/home\/wp-content\/uploads\/2011\/03\/werner3-150x150.jpg\" alt=\"\" width=\"150\" height=\"150\" \/><\/a><\/p>\n<p>&nbsp;<\/p>\n<p>&nbsp;<\/p>\n","protected":false},"excerpt":{"rendered":"<p>Am 26.11.2010 fand in N\u00fcrnberg die Ausstellung Caminhos\/Wege anl\u00e4\u00dflich des 20j\u00e4hrigen Jubil\u00e4ums des Kunstvereins Ponte Cultra in der Galerie ortart statt. &nbsp; &nbsp;<\/p>\n","protected":false},"author":1,"featured_media":0,"comment_status":"open","ping_status":"open","sticky":false,"template":"","format":"standard","meta":{"footnotes":""},"categories":[5],"tags":[],"class_list":["post-1","post","type-post","status-publish","format-standard","hentry","category-ankundigung"],"_links":{"self":[{"href":"http:\/\/www.pontecultura.de\/home\/wp-json\/wp\/v2\/posts\/1","targetHints":{"allow":["GET"]}}],"collection":[{"href":"http:\/\/www.pontecultura.de\/home\/wp-json\/wp\/v2\/posts"}],"about":[{"href":"http:\/\/www.pontecultura.de\/home\/wp-json\/wp\/v2\/types\/post"}],"author":[{"embeddable":true,"href":"http:\/\/www.pontecultura.de\/home\/wp-json\/wp\/v2\/users\/1"}],"replies":[{"embeddable":true,"href":"http:\/\/www.pontecultura.de\/home\/wp-json\/wp\/v2\/comments?post=1"}],"version-history":[{"count":19,"href":"http:\/\/www.pontecultura.de\/home\/wp-json\/wp\/v2\/posts\/1\/revisions"}],"predecessor-version":[{"id":104,"href":"http:\/\/www.pontecultura.de\/home\/wp-json\/wp\/v2\/posts\/1\/revisions\/104"}],"wp:attachment":[{"href":"http:\/\/www.pontecultura.de\/home\/wp-json\/wp\/v2\/media?parent=1"}],"wp:term":[{"taxonomy":"category","embeddable":true,"href":"http:\/\/www.pontecultura.de\/home\/wp-json\/wp\/v2\/categories?post=1"},{"taxonomy":"post_tag","embeddable":true,"href":"http:\/\/www.pontecultura.de\/home\/wp-json\/wp\/v2\/tags?post=1"}],"curies":[{"name":"wp","href":"https:\/\/api.w.org\/{rel}","templated":true}]}}